[{"@context":"https:\/\/schema.org\/","@type":"Article","@id":"https:\/\/www.vidivici.cz\/vyplati-se-i-u-nas-mit-mobilni-dum\/#Article","mainEntityOfPage":"https:\/\/www.vidivici.cz\/vyplati-se-i-u-nas-mit-mobilni-dum\/","headline":"Vyplat\u00ed se i u n\u00e1s m\u00edt mobiln\u00ed d\u016fm?","name":"Vyplat\u00ed se i u n\u00e1s m\u00edt mobiln\u00ed d\u016fm?","description":"Jednou ze z\u00e1kladn\u00edch v\u011bc\u00ed, kterou chce m\u00edt prakticky ka\u017ed\u00fd z n\u00e1s, je st\u0159echa nad hlavou. A nen\u00ed divu, umo\u017e\u0148uje n\u00e1m p\u0159e\u010dkat nep\u0159\u00edzniv\u00e9 po\u010das\u00ed, a\u0165 u\u017e se jedn\u00e1 o n\u00edzk\u00e9 zimn\u00ed teploty \u010di o letn\u00ed bou\u0159ky a krupobit\u00ed. Av\u0161ak to, jak by m\u011bl takov\u00fd d\u016fm vypadat, se \u010dlov\u011bk od \u010dlov\u011bka pom\u011brn\u011b li\u0161\u00ed. Kdy\u017e se \u0159ekne \u201edomov\u201c, &hellip;","datePublished":"2021-07-30","dateModified":"2023-05-22","author":{"@type":"Person","@id":"https:\/\/www.vidivici.cz\/author\/#Person","name":"","url":"https:\/\/www.vidivici.cz\/author\/","identifier":1,"image":{"@type":"ImageObject","@id":"https:\/\/secure.gravatar.com\/avatar\/4006af731f458a56e90e1a4ecbb37f08f11b51b80cb9267b6a6e5547922ff49d?s=96&d=mm&r=g","url":"https:\/\/secure.gravatar.com\/avatar\/4006af731f458a56e90e1a4ecbb37f08f11b51b80cb9267b6a6e5547922ff49d?s=96&d=mm&r=g","height":96,"width":96}},"publisher":{"@type":"Organization","name":"vidivici.cz","logo":{"@type":"ImageObject","@id":"\/logo.png","url":"\/logo.png","width":600,"height":60}},"image":{"@type":"ImageObject","@id":"https:\/\/www.vidivici.cz\/wp-content\/uploads\/karavan1_10_10_1.jpg","url":"https:\/\/www.vidivici.cz\/wp-content\/uploads\/karavan1_10_10_1.jpg","height":0,"width":0},"url":"https:\/\/www.vidivici.cz\/vyplati-se-i-u-nas-mit-mobilni-dum\/","about":["Domov"],"wordCount":427,"articleBody":"    Jednou ze z\u00e1kladn\u00edch v\u011bc\u00ed, kterou chce m\u00edt prakticky ka\u017ed\u00fd z n\u00e1s, je st\u0159echa nad hlavou. A nen\u00ed divu, umo\u017e\u0148uje n\u00e1m p\u0159e\u010dkat nep\u0159\u00edzniv\u00e9 po\u010das\u00ed, a\u0165 u\u017e se jedn\u00e1 o n\u00edzk\u00e9 zimn\u00ed teploty \u010di o letn\u00ed bou\u0159ky a krupobit\u00ed. Av\u0161ak to, jak by m\u011bl takov\u00fd d\u016fm vypadat, se \u010dlov\u011bk od \u010dlov\u011bka pom\u011brn\u011b li\u0161\u00ed. Kdy\u017e se \u0159ekne \u201edomov\u201c, obvykle si p\u0159edstav\u00edme klasick\u00fd rodinn\u00fd d\u016fm \u010di byt. Av\u0161ak nemus\u00ed tomu tak b\u00fdt v\u017edy. I u n\u00e1s ji\u017e toti\u017e m\u016f\u017eeme koupit nejr\u016fzn\u011bj\u0161\u00ed karavany, kter\u00e9 n\u00e1m mohou slou\u017eit za obydl\u00ed, a\u0165 u\u017e do\u010dasn\u00e9 nebo trval\u00e9.  Tento trend k n\u00e1m dorazil ze Spojen\u00fdch st\u00e1t\u016f Americk\u00fdch, kde je pom\u011brn\u011b popul\u00e1rn\u00ed m\u00edt mobiln\u00ed d\u016fm https:\/\/www.lavarohouse.cz\/, zvl\u00e1\u0161t\u011b mezi mnoh\u00fdmi mlad\u00fdmi lidmi, kte\u0159\u00ed se necht\u011bj\u00ed v\u00e1zat. A nen\u00ed divu, umo\u017e\u0148uje jim cestovat, jak se jim zl\u00edb\u00ed, ani\u017e by museli \u0159e\u0161it probl\u00e9my spojen\u00e9 se st\u011bhov\u00e1n\u00edm \u010di s opu\u0161t\u011bn\u00edm domu a hled\u00e1n\u00edm ubytov\u00e1n\u00ed v c\u00edlov\u00e9m m\u00edst\u011b. Samoz\u0159ejm\u011b lidi, kte\u0159\u00ed tou\u017e\u00ed po svobod\u011b a volnosti, nenajdeme jen za oce\u00e1nem, n\u00fdbr\u017e i u n\u00e1s. Ti si pak tak\u00e9 \u010dasto po\u0159izuj\u00ed karavany s t\u00edm, \u017ee alespo\u0148 na l\u00e9to vyraz\u00ed br\u00e1zdit po republice \u010di si vyjedou i do zahrani\u010d\u00ed. A to je pochopiteln\u00e9. Ot\u00e1zkou v\u0161ak je, zda se skute\u010dn\u011b tento styl \u017eivota v na\u0161ich podm\u00ednk\u00e1ch uplatn\u00ed. Je toti\u017e pot\u0159eba si uv\u011bdomit, \u017ee nap\u0159\u00edklad vzd\u00e1lenosti jsou u n\u00e1s mnohem men\u0161\u00ed \u2013 na\u0161i zemi m\u016f\u017eeme projet celou za n\u011bkolik hodin. Pokud jedeme nav\u0161t\u00edvit p\u0159\u00edbuzn\u00e9, zpravidla k nim nemus\u00edme cestovat hned n\u011bkolik dn\u00ed.  Nav\u00edc u n\u00e1s m\u00e1me pom\u011brn\u011b dobrou s\u00ed\u0165 ve\u0159ejn\u00e9 hromadn\u00e9 dopravy, a\u0165 u\u017e m\u011bstsk\u00e9 \u010di mezim\u011bstsk\u00e9. D\u00edky n\u00ed se m\u016f\u017eeme dostat kamkoliv pot\u0159ebujeme, a \u010dasto n\u00e1s to vyjde levn\u011bji, ne\u017e kdybychom jeli autem. O s\u00edti nejr\u016fzn\u011bj\u0161\u00edch hotel\u016f a ubytoven pro turisty ani nemluv\u011b. Zd\u00e1 se tedy, \u017ee se u n\u00e1s tento zp\u016fsob bydlen\u00ed a\u017e tolik neuchyt\u00ed. Jist\u011b, v\u017edy budou lid\u00e9, kter\u00fdm bude vyhovovat, a to i v na\u0161\u00ed zemi. Pro v\u011bt\u0161inu obyvatel se v\u0161ak jeho koup\u011b rozhodn\u011b nevyplat\u00ed.                                                                                                                                                                                                                                                                                                                                                                                          4.2\/5 - (5 votes)        "},{"@context":"https:\/\/schema.org\/","@type":"BreadcrumbList","itemListElement":[{"@type":"ListItem","position":1,"name":"Vyplat\u00ed se i u n\u00e1s m\u00edt mobiln\u00ed d\u016fm?","item":"https:\/\/www.vidivici.cz\/vyplati-se-i-u-nas-mit-mobilni-dum\/#breadcrumbitem"}]}]