{"@context":"https:\/\/schema.org\/","@type":"CollectionPage","@id":"https:\/\/www.vidivici.cz\/sluzby\/#CollectionPage","headline":"Slu\u017eby Category","description":"","url":"https:\/\/www.vidivici.cz\/sluzby\/","hasPart":[{"@type":"Article","@id":"https:\/\/www.vidivici.cz\/dedicke-pravo-ve-francii-pruvodce-dedictvim-a-posledni-vuli-ve-francii\/","headline":"D\u011bdick\u00e9 pr\u00e1vo ve Francii: Pr\u016fvodce d\u011bdictv\u00edm a posledn\u00ed v\u016fl\u00ed ve Francii","url":"https:\/\/www.vidivici.cz\/dedicke-pravo-ve-francii-pruvodce-dedictvim-a-posledni-vuli-ve-francii\/","datePublished":"2025-08-24","dateModified":"2025-08-24","mainEntityOfPage":"https:\/\/www.vidivici.cz\/dedicke-pravo-ve-francii-pruvodce-dedictvim-a-posledni-vuli-ve-francii\/","author":{"@type":"Person","@id":"https:\/\/www.vidivici.cz\/author\/#Person","name":"","url":"https:\/\/www.vidivici.cz\/author\/","identifier":1,"image":{"@type":"ImageObject","@id":"https:\/\/secure.gravatar.com\/avatar\/4006af731f458a56e90e1a4ecbb37f08f11b51b80cb9267b6a6e5547922ff49d?s=96&d=mm&r=g","url":"https:\/\/secure.gravatar.com\/avatar\/4006af731f458a56e90e1a4ecbb37f08f11b51b80cb9267b6a6e5547922ff49d?s=96&d=mm&r=g","height":96,"width":96}},"publisher":{"@type":"Organization","name":"vidivici.cz","logo":{"@type":"ImageObject","@id":"\/logo.png","url":"\/logo.png","width":600,"height":60}},"image":{"@type":"ImageObject","@id":"https:\/\/www.vidivici.cz\/wp-content\/uploads\/nasledstvo-vo-francii-dlya-inostrancev_FsMKL8.jpg","url":"https:\/\/www.vidivici.cz\/wp-content\/uploads\/nasledstvo-vo-francii-dlya-inostrancev_FsMKL8.jpg","height":0,"width":0},"keywords":null},{"@type":"Article","@id":"https:\/\/www.vidivici.cz\/cad-software-jak-vybrat-nejlepsi-nastroj-pro-tvoji-praci-v-roce-2025\/","headline":"CAD Software: Jak Vybrat Nejlep\u0161\u00ed N\u00e1stroj pro Tvoji Pr\u00e1ci v Roce 2025","url":"https:\/\/www.vidivici.cz\/cad-software-jak-vybrat-nejlepsi-nastroj-pro-tvoji-praci-v-roce-2025\/","datePublished":"2025-02-25","dateModified":"2025-02-25","mainEntityOfPage":"https:\/\/www.vidivici.cz\/cad-software-jak-vybrat-nejlepsi-nastroj-pro-tvoji-praci-v-roce-2025\/","author":{"@type":"Person","@id":"https:\/\/www.vidivici.cz\/author\/#Person","name":"","url":"https:\/\/www.vidivici.cz\/author\/","identifier":1,"image":{"@type":"ImageObject","@id":"https:\/\/secure.gravatar.com\/avatar\/4006af731f458a56e90e1a4ecbb37f08f11b51b80cb9267b6a6e5547922ff49d?s=96&d=mm&r=g","url":"https:\/\/secure.gravatar.com\/avatar\/4006af731f458a56e90e1a4ecbb37f08f11b51b80cb9267b6a6e5547922ff49d?s=96&d=mm&r=g","height":96,"width":96}},"publisher":{"@type":"Organization","name":"vidivici.cz","logo":{"@type":"ImageObject","@id":"\/logo.png","url":"\/logo.png","width":600,"height":60}},"image":{"@type":"ImageObject","@id":"https:\/\/www.vidivici.cz\/wp-content\/uploads\/DALL%C2%B7E_2025-03-10_12.50.58_-_A_futuristic_workspace_featuring_a_high-tech_computer_screen_displaying_various_CAD_software_interfaces._The_environment_is_sleek_and_modern,_with_a_l_yhY1aQ.webp","url":"https:\/\/www.vidivici.cz\/wp-content\/uploads\/DALL%C2%B7E_2025-03-10_12.50.58_-_A_futuristic_workspace_featuring_a_high-tech_computer_screen_displaying_various_CAD_software_interfaces._The_environment_is_sleek_and_modern,_with_a_l_yhY1aQ.webp","height":0,"width":0},"keywords":null},{"@type":"Article","@id":"https:\/\/www.vidivici.cz\/wellness-pobyty-ve-svate-katerine-vase-oaza-klidu-pro-telo-i-mysl\/","headline":"Wellness pobyty ve Svat\u00e9 Kate\u0159in\u011b: Va\u0161e o\u00e1za klidu pro t\u011blo i mysl","url":"https:\/\/www.vidivici.cz\/wellness-pobyty-ve-svate-katerine-vase-oaza-klidu-pro-telo-i-mysl\/","datePublished":"2024-11-25","dateModified":"2024-11-25","mainEntityOfPage":"https:\/\/www.vidivici.cz\/wellness-pobyty-ve-svate-katerine-vase-oaza-klidu-pro-telo-i-mysl\/","author":{"@type":"Person","@id":"https:\/\/www.vidivici.cz\/author\/#Person","name":"","url":"https:\/\/www.vidivici.cz\/author\/","identifier":1,"image":{"@type":"ImageObject","@id":"https:\/\/secure.gravatar.com\/avatar\/4006af731f458a56e90e1a4ecbb37f08f11b51b80cb9267b6a6e5547922ff49d?s=96&d=mm&r=g","url":"https:\/\/secure.gravatar.com\/avatar\/4006af731f458a56e90e1a4ecbb37f08f11b51b80cb9267b6a6e5547922ff49d?s=96&d=mm&r=g","height":96,"width":96}},"publisher":{"@type":"Organization","name":"vidivici.cz","logo":{"@type":"ImageObject","@id":"\/logo.png","url":"\/logo.png","width":600,"height":60}},"image":{"@type":"ImageObject","@id":"https:\/\/www.vidivici.cz\/wp-content\/uploads\/masaz_CLg4He.jpg","url":"https:\/\/www.vidivici.cz\/wp-content\/uploads\/masaz_CLg4He.jpg","height":0,"width":0},"keywords":null},{"@type":"Article","@id":"https:\/\/www.vidivici.cz\/vyzkousejte-tehotenske-foceni-v-prirode-zachytte-krasu-prirozenosti-a-kouzlo-ocekavani\/","headline":"Vyzkou\u0161ejte t\u011bhotensk\u00e9 focen\u00ed v p\u0159\u00edrod\u011b: Zachy\u0165te kr\u00e1su p\u0159irozenosti a kouzlo o\u010dek\u00e1v\u00e1n\u00ed","url":"https:\/\/www.vidivici.cz\/vyzkousejte-tehotenske-foceni-v-prirode-zachytte-krasu-prirozenosti-a-kouzlo-ocekavani\/","datePublished":"2024-10-23","dateModified":"2024-10-23","mainEntityOfPage":"https:\/\/www.vidivici.cz\/vyzkousejte-tehotenske-foceni-v-prirode-zachytte-krasu-prirozenosti-a-kouzlo-ocekavani\/","author":{"@type":"Person","@id":"https:\/\/www.vidivici.cz\/author\/#Person","name":"","url":"https:\/\/www.vidivici.cz\/author\/","identifier":1,"image":{"@type":"ImageObject","@id":"https:\/\/secure.gravatar.com\/avatar\/4006af731f458a56e90e1a4ecbb37f08f11b51b80cb9267b6a6e5547922ff49d?s=96&d=mm&r=g","url":"https:\/\/secure.gravatar.com\/avatar\/4006af731f458a56e90e1a4ecbb37f08f11b51b80cb9267b6a6e5547922ff49d?s=96&d=mm&r=g","height":96,"width":96}},"publisher":{"@type":"Organization","name":"vidivici.cz","logo":{"@type":"ImageObject","@id":"\/logo.png","url":"\/logo.png","width":600,"height":60}},"image":{"@type":"ImageObject","@id":"https:\/\/www.vidivici.cz\/wp-content\/uploads\/focen_v_tehotenstvi_(2)_2xWa9O.jpg","url":"https:\/\/www.vidivici.cz\/wp-content\/uploads\/focen_v_tehotenstvi_(2)_2xWa9O.jpg","height":0,"width":0},"keywords":null},{"@type":"Article","@id":"https:\/\/www.vidivici.cz\/prestizni-adresa-pro-vasi-firmu-bez-vysokych-nakladu\/","headline":"Presti\u017en\u00ed adresa pro va\u0161i firmu bez vysok\u00fdch n\u00e1klad\u016f","url":"https:\/\/www.vidivici.cz\/prestizni-adresa-pro-vasi-firmu-bez-vysokych-nakladu\/","datePublished":"2024-10-13","dateModified":"2024-10-13","mainEntityOfPage":"https:\/\/www.vidivici.cz\/prestizni-adresa-pro-vasi-firmu-bez-vysokych-nakladu\/","author":{"@type":"Person","@id":"https:\/\/www.vidivici.cz\/author\/#Person","name":"","url":"https:\/\/www.vidivici.cz\/author\/","identifier":1,"image":{"@type":"ImageObject","@id":"https:\/\/secure.gravatar.com\/avatar\/4006af731f458a56e90e1a4ecbb37f08f11b51b80cb9267b6a6e5547922ff49d?s=96&d=mm&r=g","url":"https:\/\/secure.gravatar.com\/avatar\/4006af731f458a56e90e1a4ecbb37f08f11b51b80cb9267b6a6e5547922ff49d?s=96&d=mm&r=g","height":96,"width":96}},"publisher":{"@type":"Organization","name":"vidivici.cz","logo":{"@type":"ImageObject","@id":"\/logo.png","url":"\/logo.png","width":600,"height":60}},"image":{"@type":"ImageObject","@id":"https:\/\/www.vidivici.cz\/wp-content\/uploads\/sidlo_firmy_FL6eZm.jpg","url":"https:\/\/www.vidivici.cz\/wp-content\/uploads\/sidlo_firmy_FL6eZm.jpg","height":0,"width":0},"keywords":null},{"@type":"Article","@id":"https:\/\/www.vidivici.cz\/proc-se-vyplati-investovat-do-odborneho-tlumoceni-v-dulezitych-situacich\/","headline":"Pro\u010d se vyplat\u00ed investovat do odborn\u00e9ho tlumo\u010den\u00ed v d\u016fle\u017eit\u00fdch situac\u00edch","url":"https:\/\/www.vidivici.cz\/proc-se-vyplati-investovat-do-odborneho-tlumoceni-v-dulezitych-situacich\/","datePublished":"2024-10-10","dateModified":"2024-10-10","mainEntityOfPage":"https:\/\/www.vidivici.cz\/proc-se-vyplati-investovat-do-odborneho-tlumoceni-v-dulezitych-situacich\/","author":{"@type":"Person","@id":"https:\/\/www.vidivici.cz\/author\/#Person","name":"","url":"https:\/\/www.vidivici.cz\/author\/","identifier":1,"image":{"@type":"ImageObject","@id":"https:\/\/secure.gravatar.com\/avatar\/4006af731f458a56e90e1a4ecbb37f08f11b51b80cb9267b6a6e5547922ff49d?s=96&d=mm&r=g","url":"https:\/\/secure.gravatar.com\/avatar\/4006af731f458a56e90e1a4ecbb37f08f11b51b80cb9267b6a6e5547922ff49d?s=96&d=mm&r=g","height":96,"width":96}},"publisher":{"@type":"Organization","name":"vidivici.cz","logo":{"@type":"ImageObject","@id":"\/logo.png","url":"\/logo.png","width":600,"height":60}},"image":{"@type":"ImageObject","@id":"https:\/\/www.vidivici.cz\/wp-content\/uploads\/tlumocnik_3CBfiE.jpg","url":"https:\/\/www.vidivici.cz\/wp-content\/uploads\/tlumocnik_3CBfiE.jpg","height":0,"width":0},"keywords":null},{"@type":"Article","@id":"https:\/\/www.vidivici.cz\/proc-patri-kurzy-anglictiny-k-nejvice-oblibenym\/","headline":"Pro\u010d pat\u0159\u00ed kurzy angli\u010dtiny k nejv\u00edce obl\u00edben\u00fdm?","url":"https:\/\/www.vidivici.cz\/proc-patri-kurzy-anglictiny-k-nejvice-oblibenym\/","datePublished":"2024-10-08","dateModified":"2024-10-08","mainEntityOfPage":"https:\/\/www.vidivici.cz\/proc-patri-kurzy-anglictiny-k-nejvice-oblibenym\/","author":{"@type":"Person","@id":"https:\/\/www.vidivici.cz\/author\/#Person","name":"","url":"https:\/\/www.vidivici.cz\/author\/","identifier":1,"image":{"@type":"ImageObject","@id":"https:\/\/secure.gravatar.com\/avatar\/4006af731f458a56e90e1a4ecbb37f08f11b51b80cb9267b6a6e5547922ff49d?s=96&d=mm&r=g","url":"https:\/\/secure.gravatar.com\/avatar\/4006af731f458a56e90e1a4ecbb37f08f11b51b80cb9267b6a6e5547922ff49d?s=96&d=mm&r=g","height":96,"width":96}},"publisher":{"@type":"Organization","name":"vidivici.cz","logo":{"@type":"ImageObject","@id":"\/logo.png","url":"\/logo.png","width":600,"height":60}},"image":{"@type":"ImageObject","@id":"https:\/\/www.vidivici.cz\/wp-content\/uploads\/anglictina_L0dvzK.jpg","url":"https:\/\/www.vidivici.cz\/wp-content\/uploads\/anglictina_L0dvzK.jpg","height":0,"width":0},"keywords":null},{"@type":"Article","@id":"https:\/\/www.vidivici.cz\/na-devate-rande-s-fotografem\/","headline":"Na dev\u00e1t\u00e9 rande s fotografem","url":"https:\/\/www.vidivici.cz\/na-devate-rande-s-fotografem\/","datePublished":"2024-07-07","dateModified":"2024-07-07","mainEntityOfPage":"https:\/\/www.vidivici.cz\/na-devate-rande-s-fotografem\/","author":{"@type":"Person","@id":"https:\/\/www.vidivici.cz\/author\/#Person","name":"","url":"https:\/\/www.vidivici.cz\/author\/","identifier":1,"image":{"@type":"ImageObject","@id":"https:\/\/secure.gravatar.com\/avatar\/4006af731f458a56e90e1a4ecbb37f08f11b51b80cb9267b6a6e5547922ff49d?s=96&d=mm&r=g","url":"https:\/\/secure.gravatar.com\/avatar\/4006af731f458a56e90e1a4ecbb37f08f11b51b80cb9267b6a6e5547922ff49d?s=96&d=mm&r=g","height":96,"width":96}},"publisher":{"@type":"Organization","name":"vidivici.cz","logo":{"@type":"ImageObject","@id":"\/logo.png","url":"\/logo.png","width":600,"height":60}},"image":{"@type":"ImageObject","@id":"https:\/\/www.vidivici.cz\/wp-content\/uploads\/couple-6047792_640_2.jpg","url":"https:\/\/www.vidivici.cz\/wp-content\/uploads\/couple-6047792_640_2.jpg","height":0,"width":0},"keywords":null},{"@type":"Article","@id":"https:\/\/www.vidivici.cz\/s-nami-tu-spanelstinu-date\/","headline":"S n\u00e1mi tu \u0161pan\u011bl\u0161tinu d\u00e1te!","url":"https:\/\/www.vidivici.cz\/s-nami-tu-spanelstinu-date\/","datePublished":"2024-04-07","dateModified":"2024-04-16","mainEntityOfPage":"https:\/\/www.vidivici.cz\/s-nami-tu-spanelstinu-date\/","author":{"@type":"Person","@id":"https:\/\/www.vidivici.cz\/author\/#Person","name":"","url":"https:\/\/www.vidivici.cz\/author\/","identifier":1,"image":{"@type":"ImageObject","@id":"https:\/\/secure.gravatar.com\/avatar\/4006af731f458a56e90e1a4ecbb37f08f11b51b80cb9267b6a6e5547922ff49d?s=96&d=mm&r=g","url":"https:\/\/secure.gravatar.com\/avatar\/4006af731f458a56e90e1a4ecbb37f08f11b51b80cb9267b6a6e5547922ff49d?s=96&d=mm&r=g","height":96,"width":96}},"publisher":{"@type":"Organization","name":"vidivici.cz","logo":{"@type":"ImageObject","@id":"\/logo.png","url":"\/logo.png","width":600,"height":60}},"image":{"@type":"ImageObject","@id":"https:\/\/www.vidivici.cz\/wp-content\/uploads\/spanelstina_k5tgIU.jpg","url":"https:\/\/www.vidivici.cz\/wp-content\/uploads\/spanelstina_k5tgIU.jpg","height":0,"width":0},"keywords":null},{"@type":"Article","@id":"https:\/\/www.vidivici.cz\/moderni-ploty\/","headline":"Modern\u00ed ploty","url":"https:\/\/www.vidivici.cz\/moderni-ploty\/","datePublished":"2024-02-28","dateModified":"2024-04-02","mainEntityOfPage":"https:\/\/www.vidivici.cz\/moderni-ploty\/","author":{"@type":"Person","@id":"https:\/\/www.vidivici.cz\/author\/#Person","name":"","url":"https:\/\/www.vidivici.cz\/author\/","identifier":1,"image":{"@type":"ImageObject","@id":"https:\/\/secure.gravatar.com\/avatar\/4006af731f458a56e90e1a4ecbb37f08f11b51b80cb9267b6a6e5547922ff49d?s=96&d=mm&r=g","url":"https:\/\/secure.gravatar.com\/avatar\/4006af731f458a56e90e1a4ecbb37f08f11b51b80cb9267b6a6e5547922ff49d?s=96&d=mm&r=g","height":96,"width":96}},"publisher":{"@type":"Organization","name":"vidivici.cz","logo":{"@type":"ImageObject","@id":"\/logo.png","url":"\/logo.png","width":600,"height":60}},"image":{"@type":"ImageObject","@id":"https:\/\/www.vidivici.cz\/wp-content\/uploads\/fog-6126432_1280.jpg","url":"https:\/\/www.vidivici.cz\/wp-content\/uploads\/fog-6126432_1280.jpg","height":0,"width":0},"keywords":null}]}