[{"@context":"https:\/\/schema.org\/","@type":"Article","@id":"https:\/\/www.vidivici.cz\/jak-se-starat-o-kudrnate-vlasy\/#Article","mainEntityOfPage":"https:\/\/www.vidivici.cz\/jak-se-starat-o-kudrnate-vlasy\/","headline":"Jak se starat o kudrnat\u00e9 vlasy?","name":"Jak se starat o kudrnat\u00e9 vlasy?","description":"Vlasy d\u011blaj\u00ed \u010dlov\u011bka stejn\u011b tak jako \u0161aty, proto\u017ee kdyby n\u011bkdo nem\u011bl vlasy, okam\u017eit\u011b si toho v\u0161imneme a hlavn\u011b ka\u017ed\u00fd vypad\u00e1 jinak pr\u00e1v\u011b podle toho, jak\u00fd m\u00e1 na hlav\u011b \u00fa\u010des. N\u011bkomu sest\u0159ih slu\u0161\u00ed, n\u011bkomu ne a nev\u00ed n\u011bkolik let, jak\u00fd sest\u0159ih by mu slu\u0161el, proto\u017ee ka\u017ed\u00fd m\u00e1me jin\u00fd tvar obli\u010deje a hlavy a je t\u0159eba na &hellip;","datePublished":"2021-08-27","dateModified":"2023-04-27","author":{"@type":"Person","@id":"https:\/\/www.vidivici.cz\/author\/#Person","name":"","url":"https:\/\/www.vidivici.cz\/author\/","identifier":1,"image":{"@type":"ImageObject","@id":"https:\/\/secure.gravatar.com\/avatar\/4006af731f458a56e90e1a4ecbb37f08f11b51b80cb9267b6a6e5547922ff49d?s=96&d=mm&r=g","url":"https:\/\/secure.gravatar.com\/avatar\/4006af731f458a56e90e1a4ecbb37f08f11b51b80cb9267b6a6e5547922ff49d?s=96&d=mm&r=g","height":96,"width":96}},"publisher":{"@type":"Organization","name":"vidivici.cz","logo":{"@type":"ImageObject","@id":"\/logo.png","url":"\/logo.png","width":600,"height":60}},"image":{"@type":"ImageObject","@id":"https:\/\/www.vidivici.cz\/wp-content\/uploads\/woman-g89a1acd7f_640.jpg","url":"https:\/\/www.vidivici.cz\/wp-content\/uploads\/woman-g89a1acd7f_640.jpg","height":0,"width":0},"url":"https:\/\/www.vidivici.cz\/jak-se-starat-o-kudrnate-vlasy\/","about":["Kr\u00e1sa"],"wordCount":453,"articleBody":"Vlasy d\u011blaj\u00ed \u010dlov\u011bka stejn\u011b tak jako \u0161aty, proto\u017ee kdyby n\u011bkdo nem\u011bl vlasy, okam\u017eit\u011b si toho v\u0161imneme a hlavn\u011b ka\u017ed\u00fd vypad\u00e1 jinak pr\u00e1v\u011b podle toho, jak\u00fd m\u00e1 na hlav\u011b \u00fa\u010des. N\u011bkomu sest\u0159ih slu\u0161\u00ed, n\u011bkomu ne a nev\u00ed n\u011bkolik let, jak\u00fd sest\u0159ih by mu slu\u0161el, proto\u017ee ka\u017ed\u00fd m\u00e1me jin\u00fd tvar obli\u010deje a hlavy a je t\u0159eba na to db\u00e1t a vyb\u00edrat si podle toho sest\u0159ih vlas\u016f. Ne v\u0161em toti\u017e slu\u0161\u00ed v\u0161echno a vlasy mus\u00ed ladit nejen s tvarem na\u0161eho obli\u010deje, ale i s o\u010dima, krkem a tak d\u00e1le, nen\u00ed to jen o tom ost\u0159\u00edhat vlasy Jen tak jak se n\u00e1m zl\u00edb\u00ed. Mus\u00ed se taky br\u00e1t ohled na to, jak\u00fd typ vlas\u016f m\u00e1me, jestli jsou tenk\u00e9, hust\u00e9, rovn\u00e9, vlnit\u00e9 \u010di kudrnat\u00e9.Od toho se odv\u00edj\u00ed sest\u0159ihy a tak\u00e9 hlavn\u011b p\u00e9\u010de, se kterou se star\u00e1te o sv\u00e9 vlasy, proto\u017ee nap\u0159\u00edklad kudrnat\u00e9 vlasy rozhodn\u011b pot\u0159ebuj\u00ed v\u00edce p\u00e9\u010de ne\u017e t\u0159eba vlasy rovn\u00e9, proto\u017ee nikdo nechce m\u00edt na hlav\u011b neupravenou sl\u00e1mu, co\u017e se velmi \u010dasto st\u00e1v\u00e1 s kudrnat\u00fdmi vlasy. Jak se tedy o takov\u00e9 kudrnat\u00e9 vlasy v\u016fbec starat?\u00a0V prv\u00e9 \u0159ad\u011b je d\u016fle\u017eit\u00e9 pou\u017e\u00edvat s\u00e9ra, r\u016fzn\u00e9 oleje a balz\u00e1my na vlasy, proto\u017ee v\u011b\u0159te nebo ne, tyto vlasy to pot\u0159ebuj\u00ed mnohem v\u00edce ne\u017e t\u0159eba vlasy rovn\u00e9. Pora\u010fte se o tom s kade\u0159nic\u00ed nebo si najd\u011bte na netu r\u016fzn\u00e9 tipy, Jak\u00e9 p\u0159\u00edpravky se v\u00e1m hod\u00ed. S nimi si potom myjte pravideln\u011b vlasy.Pak je samoz\u0159ejm\u011b d\u016fle\u017eit\u00e1 p\u00e9\u010de ne\u017e jen myt\u00ed vlas\u016f a hlavn\u011b technika, jak se o vlasy starat. Abyste si zachovali opravdu leskl\u00e9 kudrny, mus\u00edte pou\u017e\u00edvat oleje a balz\u00e1my a to takto: Po umyt\u00ed nanesete balz\u00e1m a p\u011bnu na zachov\u00e1n\u00ed kudrlin a vlasy \u017ed\u00edmejte v ruce stylem od kone\u010dk\u016f, kter\u00e9 naberete do rukou a\u017e po ko\u0159\u00ednky a cel\u00e9 vlasy v rukou stla\u010d\u00edte. T\u00edm doc\u00edl\u00edte kudrlinek. Aby v\u00e1m nespadly, mus\u00edte vlasy vyf\u00e9novat. Pou\u017eijete n\u00e1stavec na f\u00e9n, kter\u00fd vypad\u00e1 jak meduza\u00a0a obsahuje na roz\u0161\u00ed\u0159en\u00e9 \u010d\u00e1sti takov\u00e9 v\u00fdb\u011b\u017eky. Ty slou\u017e\u00ed k tomu, aby v\u00e1m vlasy z tohoto n\u00e1stavce nevypadly. D\u011bl\u00e1te to sam\u00e9 co s rukama, akor\u00e1t vlasy strk\u00e1te do n\u00e1stavce a su\u0161\u00edte f\u00e9nem. Vlasy pot\u00e9 ne\u010de\u0161te! Kudrnat\u00e9 vlasy \u010de\u0161te v\u00fdhradn\u011b pouze mokr\u00e9 ve spr\u0161e.\u00a0                                                                                                                                                                                                                                                                                                                                                                                        4\/5 - (8 votes)        "},{"@context":"https:\/\/schema.org\/","@type":"BreadcrumbList","itemListElement":[{"@type":"ListItem","position":1,"name":"Jak se starat o kudrnat\u00e9 vlasy?","item":"https:\/\/www.vidivici.cz\/jak-se-starat-o-kudrnate-vlasy\/#breadcrumbitem"}]}]