[{"@context":"https:\/\/schema.org\/","@type":"Article","@id":"https:\/\/www.vidivici.cz\/chcete-nafotit-svatbu\/#Article","mainEntityOfPage":"https:\/\/www.vidivici.cz\/chcete-nafotit-svatbu\/","headline":"Chcete nafotit svatbu?","name":"Chcete nafotit svatbu?","description":"Svatba pat\u0159\u00ed bezesporu mezi to nejkr\u00e1sn\u011bj\u0161\u00ed, co v \u017eivot\u011b m\u016f\u017eeme za\u017e\u00edt. Proto si p\u00e1ry d\u00e1vaj\u00ed tak z\u00e1le\u017eet na tom, aby jejich svatba vypadala kr\u00e1sn\u011b. Svatebn\u00ed p\u0159\u00edpravy si v\u011bt\u0161inou berou na starost samotn\u00e9 nev\u011bsty, kter\u00fdm pom\u00e1haj\u00ed jejich kamar\u00e1dky, dru\u017ei\u010dky, rodina nebo svatebn\u00ed koordin\u00e1torka. Svatebn\u00ed p\u0159\u00edpravy se odv\u00edj\u00ed od toho, jak velkou svatbu budete cht\u00edt m\u00edt. Velk\u00e1 &hellip;","datePublished":"2023-08-25","dateModified":"2023-11-24","author":{"@type":"Person","@id":"https:\/\/www.vidivici.cz\/author\/#Person","name":"","url":"https:\/\/www.vidivici.cz\/author\/","identifier":1,"image":{"@type":"ImageObject","@id":"https:\/\/secure.gravatar.com\/avatar\/4006af731f458a56e90e1a4ecbb37f08f11b51b80cb9267b6a6e5547922ff49d?s=96&d=mm&r=g","url":"https:\/\/secure.gravatar.com\/avatar\/4006af731f458a56e90e1a4ecbb37f08f11b51b80cb9267b6a6e5547922ff49d?s=96&d=mm&r=g","height":96,"width":96}},"publisher":{"@type":"Organization","name":"vidivici.cz","logo":{"@type":"ImageObject","@id":"\/logo.png","url":"\/logo.png","width":600,"height":60}},"image":{"@type":"ImageObject","@id":"https:\/\/www.vidivici.cz\/wp-content\/uploads\/pexels-studio-negarin-2649165_3.jpg","url":"https:\/\/www.vidivici.cz\/wp-content\/uploads\/pexels-studio-negarin-2649165_3.jpg","height":0,"width":0},"url":"https:\/\/www.vidivici.cz\/chcete-nafotit-svatbu\/","about":["Www"],"wordCount":426,"articleBody":"      Svatba pat\u0159\u00ed bezesporu mezi to nejkr\u00e1sn\u011bj\u0161\u00ed, co v \u017eivot\u011b m\u016f\u017eeme za\u017e\u00edt. Proto si p\u00e1ry d\u00e1vaj\u00ed tak z\u00e1le\u017eet na tom, aby jejich svatba vypadala kr\u00e1sn\u011b. Svatebn\u00ed p\u0159\u00edpravy si v\u011bt\u0161inou berou na starost samotn\u00e9 nev\u011bsty, kter\u00fdm pom\u00e1haj\u00ed jejich kamar\u00e1dky, dru\u017ei\u010dky, rodina nebo svatebn\u00ed koordin\u00e1torka. Svatebn\u00ed p\u0159\u00edpravy se odv\u00edj\u00ed od toho, jak velkou svatbu budete cht\u00edt m\u00edt. Velk\u00e1 i men\u0161\u00ed svatba ale stejn\u011b maj\u00ed jednu spole\u010dnou v\u011bc &#8211; a to je focen\u00ed. Nafotit svatbu chce ka\u017ed\u00fd p\u00e1r, proto\u017ee fotit si ji sami nebo za pomoci svatebn\u00edch host\u016f na mobiln\u00ed telefony nen\u00ed to prav\u00e9.Pro\u010d si ji nefotit? I kdy\u017e si mo\u017en\u00e1 mysl\u00edte \u017ee nafotit svatbu si zvl\u00e1dnete sami, je pot\u0159eba si uv\u011bdomit, \u017ee v\u00e1m to naru\u0161\u00ed program. Focen\u00ed svatba na mobil nen\u00ed vhodn\u00e9 \u0159e\u0161en\u00ed, proto\u017ee za prv\u00e9 v\u011bt\u0161ina lid\u00ed mobilem nedok\u00e1\u017ee ud\u011blat kr\u00e1sn\u00e9 fotky, a za druh\u00e9 na svatb\u011b by se v\u0161ichni m\u011bli v\u011bnovat jen nev\u011bst\u011b a \u017eenichovi. N\u011bkter\u00e9 p\u00e1r dokonce rozes\u00edlaj\u00ed spolu se svatebn\u00edm ozn\u00e1men\u00edm a pozv\u00e1nkou na svatbu i prosbu, aby host\u00e9 nechali telefony doma, p\u0159\u00edpadn\u011b na pokoji, pokud maj\u00ed zaji\u0161t\u011bn\u00e9 i ubytov\u00e1n\u00ed.Profesion\u00e1ln\u00ed fotograf dok\u00e1\u017ee vytvo\u0159it kr\u00e1sn\u00e9 fotky i v nep\u0159\u00edzniv\u00fdch podm\u00ednk\u00e1ch. Je pot\u0159eba si um\u011bt hr\u00e1t se sv\u011btlem, vyzdvihnout zaj\u00edmav\u00e9 detaily a nezapomenout vyfotit na pam\u00e1tku nev\u011bstu a \u017eenicha se v\u0161emi bl\u00edzk\u00fdmi. Svatebn\u00ed fotky se d\u00e1vaj\u00ed i jako d\u00e1rky host\u016fm na pam\u00e1tku, a i proto by m\u011bly m\u00edt n\u011bjakou \u00farove\u0148. Hled\u00e1te fotografa, kter\u00fd bude m\u00edt na va\u0161i svatbu voln\u00fd term\u00edn? U\u017e te\u010f si za\u010dn\u011bte rezervovat term\u00edny na v\u0161e, co na svatb\u011b chcete m\u00edt, proto\u017ee term\u00edny se pln\u00ed velmi rychle.Jsem svatebn\u00ed fotograf ve Zl\u00ednsk\u00e9m kraji, ale nem\u00e1m probl\u00e9m za v\u00e1mi dojet i kamkoliv jinam. P\u016fsob\u00edm tam, kde je m\u00fdch slu\u017eeb zrovna t\u0159eba. Pokud se chcete pod\u00edvat na moje fotografie, prohl\u00e9dn\u011bte si m\u016fj web a soci\u00e1ln\u00ed s\u00edt\u011b, kde moje fotografie najdete. Pokud se v\u00e1m zal\u00edb\u00ed, projdeme spolu va\u0161e po\u017eadavky a p\u0159\u00e1n\u00ed a j\u00e1 se budu na va\u0161i svatbu t\u011b\u0161it.                                                                                                                                                                                                                                                                                                                                                                                          4.8\/5 - (6 votes)        "},{"@context":"https:\/\/schema.org\/","@type":"BreadcrumbList","itemListElement":[{"@type":"ListItem","position":1,"name":"Chcete nafotit svatbu?","item":"https:\/\/www.vidivici.cz\/chcete-nafotit-svatbu\/#breadcrumbitem"}]}]